{"id":2482,"date":"2018-08-08T14:56:13","date_gmt":"2018-08-08T12:56:13","guid":{"rendered":"http:\/\/blog.alexandra-lechner.de\/?p=2482"},"modified":"2025-08-13T16:51:39","modified_gmt":"2025-08-13T14:51:39","slug":"unner-de-brigg-2-17-bff-fotografen-haengen-wieder-rum","status":"publish","type":"post","link":"https:\/\/alexandralechner.de\/blog\/2018\/08\/08\/unner-de-brigg-2-17-bff-fotografen-haengen-wieder-rum\/","title":{"rendered":"Unner de Brigg 2 &#8211; 17 BFF-Fotografen h\u00e4ngen wieder rum"},"content":{"rendered":"<p><a href=\"https:\/\/alexandralechner.de\/blog\/wp-content\/uploads\/2018\/08\/UdB_Facebook_Event_Image_180727_01.jpeg\"><img loading=\"lazy\" decoding=\"async\" class=\"alignnone size-full wp-image-2483\" src=\"https:\/\/alexandralechner.de\/blog\/wp-content\/uploads\/2018\/08\/UdB_Facebook_Event_Image_180727_01.jpeg\" alt=\"\" width=\"1280\" height=\"671\" srcset=\"https:\/\/alexandralechner.de\/blog\/wp-content\/uploads\/2018\/08\/UdB_Facebook_Event_Image_180727_01.jpeg 1280w, https:\/\/alexandralechner.de\/blog\/wp-content\/uploads\/2018\/08\/UdB_Facebook_Event_Image_180727_01-300x157.jpeg 300w, https:\/\/alexandralechner.de\/blog\/wp-content\/uploads\/2018\/08\/UdB_Facebook_Event_Image_180727_01-768x403.jpeg 768w, https:\/\/alexandralechner.de\/blog\/wp-content\/uploads\/2018\/08\/UdB_Facebook_Event_Image_180727_01-1024x537.jpeg 1024w\" sizes=\"(max-width: 1280px) 100vw, 1280px\" \/><\/a><strong>Gro\u00dffl\u00e4chenplakatausstellung vom 21. \u2013 31.08.2018<br \/>\nVernissage am 21.08.2018 ab 17:30 Uhr,<br \/>\nHanauer Landstra\u00dfe\/Eisenbahnbr\u00fccke (N\u00e4he Ostbahnhof) Frankfurt\/Main<\/strong><\/p>\n<p>Wer bei der 1. Auflage von \u201eUnner de Brigg\u201c dabei war, wird sich an das Donnerwetter bei der Er\u00f6ffnung erinnern. Auf Blitz und Donner w\u00fcrden die Macher der au\u00dfergew\u00f6hnlichen Plakataktion dieses Mal sehr gerne verzichten. Nichtsdestotrotz sind nachhaltige Eindr\u00fccke garantiert: 17 Fotografinnen und Fotografen aus Rhein-Main h\u00e4ngen f\u00fcr 11 Tage unter der Eisenbahnbr\u00fccke am Frankfurter Ostbahnhof rum. Sie zeigen auf ihren Plakaten je ein Highlight aus freien Produktionen.<\/p>\n<p>&#8222;Unner de Brigg&#8220; ist eine Aktion des Berufsverbandes Freie Fotografen und Filmgestalter (<a href=\"https:\/\/www.bff.de\">BFF<\/a>) in Frankfurt. In diesem Jahr zeigen die Fotoprofis auf den Werbefl\u00e4chen unter der Br\u00fccke Hanauer Landstra\u00dfe (N\u00e4he Ostbahnhof) unter anderem stille Landschaften, freaky Modefotografie oder klassische SW-Portr\u00e4ts.<\/p>\n<p><strong>Und wer h\u00e4ngt unner de Brigg?<\/strong> Es sind: Manuel Barth, Rui Camilo, Robert Garo, Jens G\u00f6rlich, Alex Habermehl, Christof Herdt, Markus Hintzen, Alexandra Lechner, Dominik Mentzos, Claus Morgenstern, Edouard Olszewski, Per Schorn, Alex Schwander, Gerhilde Skoberne, Oliver Tamagnini, Wolfgang Uhlig und Marc Wuchner.<\/p>\n<p><strong>\u00d6ffentliche Vernissage am 21.8.2018 ab 17:30 Uhr<\/strong>, Hanauer Landstra\u00dfe\/Eisenbahnbr\u00fccke (N\u00e4he Ostbahnhof) Frankfurt\/Main. F\u00fcr Getr\u00e4nke ist gesorgt \u2013 in der Autowerkstatt direkt neben den Plakaten. <a href=\"https:\/\/www.facebook.com\/events\/512133239243953\/\">Aktuelle Informationen auf der Facebookseite<\/a>:<\/p>\n","protected":false},"excerpt":{"rendered":"<p>Gro\u00dffl\u00e4chenplakatausstellung vom 21. \u2013 31.08.2018 Vernissage am 21.08.2018 ab 17:30 Uhr, Hanauer Landstra\u00dfe\/Eisenbahnbr\u00fccke (N\u00e4he Ostbahnhof) Frankfurt\/Main Wer bei der 1. Auflage von \u201eUnner de Brigg\u201c dabei war, wird sich an das Donnerwetter bei der Er\u00f6ffnung erinnern. Auf Blitz und Donner w\u00fcrden die Macher der au\u00dfergew\u00f6hnlichen Plakataktion dieses Mal sehr gerne verzichten. Nichtsdestotrotz sind nachhaltige Eindr\u00fccke [&hellip;]<\/p>\n","protected":false},"author":1,"featured_media":2483,"comment_status":"closed","ping_status":"closed","sticky":false,"template":"","format":"standard","meta":{"_acf_changed":false,"footnotes":""},"categories":[3,5],"tags":[112,71,204,299],"class_list":["post-2482","post","type-post","status-publish","format-standard","has-post-thumbnail","hentry","category-actual","category-upcoming-exhibitions","tag-bff-berufsverband-freie-fotografen-und-filmgestalter-ev","tag-fotoausstellung","tag-frankfurtm","tag-profifotografen"],"acf":[],"_links":{"self":[{"href":"https:\/\/alexandralechner.de\/blog\/wp-json\/wp\/v2\/posts\/2482","targetHints":{"allow":["GET"]}}],"collection":[{"href":"https:\/\/alexandralechner.de\/blog\/wp-json\/wp\/v2\/posts"}],"about":[{"href":"https:\/\/alexandralechner.de\/blog\/wp-json\/wp\/v2\/types\/post"}],"author":[{"embeddable":true,"href":"https:\/\/alexandralechner.de\/blog\/wp-json\/wp\/v2\/users\/1"}],"replies":[{"embeddable":true,"href":"https:\/\/alexandralechner.de\/blog\/wp-json\/wp\/v2\/comments?post=2482"}],"version-history":[{"count":4,"href":"https:\/\/alexandralechner.de\/blog\/wp-json\/wp\/v2\/posts\/2482\/revisions"}],"predecessor-version":[{"id":5274,"href":"https:\/\/alexandralechner.de\/blog\/wp-json\/wp\/v2\/posts\/2482\/revisions\/5274"}],"wp:featuredmedia":[{"embeddable":true,"href":"https:\/\/alexandralechner.de\/blog\/wp-json\/wp\/v2\/media\/2483"}],"wp:attachment":[{"href":"https:\/\/alexandralechner.de\/blog\/wp-json\/wp\/v2\/media?parent=2482"}],"wp:term":[{"taxonomy":"category","embeddable":true,"href":"https:\/\/alexandralechner.de\/blog\/wp-json\/wp\/v2\/categories?post=2482"},{"taxonomy":"post_tag","embeddable":true,"href":"https:\/\/alexandralechner.de\/blog\/wp-json\/wp\/v2\/tags?post=2482"}],"curies":[{"name":"wp","href":"https:\/\/api.w.org\/{rel}","templated":true}]}}