{"id":1344,"date":"2014-04-11T10:30:00","date_gmt":"2014-04-11T08:30:00","guid":{"rendered":"http:\/\/89.234.56.179\/~alexandrx\/blog\/?p=1344"},"modified":"2014-04-10T18:05:33","modified_gmt":"2014-04-10T16:05:33","slug":"farbdesigner-und-andere-personlichkeiten-neu-auf-meiner-website","status":"publish","type":"post","link":"https:\/\/alexandralechner.de\/blog\/2014\/04\/11\/farbdesigner-und-andere-personlichkeiten-neu-auf-meiner-website\/","title":{"rendered":"Farbdesigner und andere Pers\u00f6nlichkeiten neu auf meiner Website"},"content":{"rendered":"<p>\n\t\t<style type=\"text\/css\">\n\t\t\t#gallery-1 {\n\t\t\t\tmargin: auto;\n\t\t\t}\n\t\t\t#gallery-1 .gallery-item {\n\t\t\t\tfloat: left;\n\t\t\t\tmargin-top: 10px;\n\t\t\t\ttext-align: center;\n\t\t\t\twidth: 33%;\n\t\t\t}\n\t\t\t#gallery-1 img {\n\t\t\t\tborder: 2px solid #cfcfcf;\n\t\t\t}\n\t\t\t#gallery-1 .gallery-caption {\n\t\t\t\tmargin-left: 0;\n\t\t\t}\n\t\t\t\/* see gallery_shortcode() in wp-includes\/media.php *\/\n\t\t<\/style>\n\t\t<div id='gallery-1' class='gallery galleryid-1344 gallery-columns-3 gallery-size-thumbnail'><dl class='gallery-item'>\n\t\t\t<dt class='gallery-icon landscape'>\n\t\t\t\t<a href='https:\/\/alexandralechner.de\/blog\/2014\/04\/11\/farbdesigner-und-andere-personlichkeiten-neu-auf-meiner-website\/140410_al_blog_3\/'><img loading=\"lazy\" decoding=\"async\" width=\"150\" height=\"150\" src=\"https:\/\/alexandralechner.de\/blog\/wp-content\/uploads\/2014\/04\/140410_al_blog_3-150x150.jpg\" class=\"attachment-thumbnail size-thumbnail\" alt=\"\" srcset=\"https:\/\/alexandralechner.de\/blog\/wp-content\/uploads\/2014\/04\/140410_al_blog_3-150x150.jpg 150w, https:\/\/alexandralechner.de\/blog\/wp-content\/uploads\/2014\/04\/140410_al_blog_3-300x300.jpg 300w, https:\/\/alexandralechner.de\/blog\/wp-content\/uploads\/2014\/04\/140410_al_blog_3.jpg 500w\" sizes=\"(max-width: 150px) 100vw, 150px\" \/><\/a>\n\t\t\t<\/dt><\/dl><dl class='gallery-item'>\n\t\t\t<dt class='gallery-icon landscape'>\n\t\t\t\t<a href='https:\/\/alexandralechner.de\/blog\/2014\/04\/11\/farbdesigner-und-andere-personlichkeiten-neu-auf-meiner-website\/140410_al_blog_1\/'><img loading=\"lazy\" decoding=\"async\" width=\"150\" height=\"150\" src=\"https:\/\/alexandralechner.de\/blog\/wp-content\/uploads\/2014\/04\/140410_al_blog_1-150x150.jpg\" class=\"attachment-thumbnail size-thumbnail\" alt=\"\" srcset=\"https:\/\/alexandralechner.de\/blog\/wp-content\/uploads\/2014\/04\/140410_al_blog_1-150x150.jpg 150w, https:\/\/alexandralechner.de\/blog\/wp-content\/uploads\/2014\/04\/140410_al_blog_1-300x300.jpg 300w, https:\/\/alexandralechner.de\/blog\/wp-content\/uploads\/2014\/04\/140410_al_blog_1.jpg 500w\" sizes=\"(max-width: 150px) 100vw, 150px\" \/><\/a>\n\t\t\t<\/dt><\/dl><dl class='gallery-item'>\n\t\t\t<dt class='gallery-icon landscape'>\n\t\t\t\t<a href='https:\/\/alexandralechner.de\/blog\/2014\/04\/11\/farbdesigner-und-andere-personlichkeiten-neu-auf-meiner-website\/140410_al_blog_2\/'><img loading=\"lazy\" decoding=\"async\" width=\"150\" height=\"150\" src=\"https:\/\/alexandralechner.de\/blog\/wp-content\/uploads\/2014\/04\/140410_al_blog_2-150x150.jpg\" class=\"attachment-thumbnail size-thumbnail\" alt=\"\" srcset=\"https:\/\/alexandralechner.de\/blog\/wp-content\/uploads\/2014\/04\/140410_al_blog_2-150x150.jpg 150w, https:\/\/alexandralechner.de\/blog\/wp-content\/uploads\/2014\/04\/140410_al_blog_2-300x300.jpg 300w, https:\/\/alexandralechner.de\/blog\/wp-content\/uploads\/2014\/04\/140410_al_blog_2.jpg 500w\" sizes=\"(max-width: 150px) 100vw, 150px\" \/><\/a>\n\t\t\t<\/dt><\/dl><br style=\"clear: both\" \/>\n\t\t<\/div>\n<br \/>\nFarbdesigner, Prominente, Banker oder Vorst\u00e4nde \u2013 eben habe ich viele neue Portr\u00e4ts auf meiner Website erg\u00e4nzt. <a href=\"http:\/\/www.alexandralechner.de\/corporate\/corporate-portraits\/1\/\">Hier geht es zu den neuen Bildern.<\/a><br \/>\n<a href=\"http:\/\/www.alexandralechner.de\/portrait\/business-portrait\/2\/\">Und hier zu aktuellen Business-Portr\u00e4ts <\/a><\/p>\n","protected":false},"excerpt":{"rendered":"<p>Farbdesigner, Prominente, Banker oder Vorst\u00e4nde \u2013 eben habe ich viele neue Portr\u00e4ts auf meiner Website erg\u00e4nzt. Hier geht es zu den neuen Bildern. Und hier zu aktuellen Business-Portr\u00e4ts<\/p>\n","protected":false},"author":1,"featured_media":0,"comment_status":"closed","ping_status":"closed","sticky":false,"template":"","format":"standard","meta":{"_acf_changed":false,"footnotes":""},"categories":[3,4],"tags":[76,77],"class_list":["post-1344","post","type-post","status-publish","format-standard","hentry","category-actual","category-new-works","tag-business-portrait","tag-corporate-portrait"],"acf":[],"_links":{"self":[{"href":"https:\/\/alexandralechner.de\/blog\/wp-json\/wp\/v2\/posts\/1344","targetHints":{"allow":["GET"]}}],"collection":[{"href":"https:\/\/alexandralechner.de\/blog\/wp-json\/wp\/v2\/posts"}],"about":[{"href":"https:\/\/alexandralechner.de\/blog\/wp-json\/wp\/v2\/types\/post"}],"author":[{"embeddable":true,"href":"https:\/\/alexandralechner.de\/blog\/wp-json\/wp\/v2\/users\/1"}],"replies":[{"embeddable":true,"href":"https:\/\/alexandralechner.de\/blog\/wp-json\/wp\/v2\/comments?post=1344"}],"version-history":[{"count":14,"href":"https:\/\/alexandralechner.de\/blog\/wp-json\/wp\/v2\/posts\/1344\/revisions"}],"predecessor-version":[{"id":1361,"href":"https:\/\/alexandralechner.de\/blog\/wp-json\/wp\/v2\/posts\/1344\/revisions\/1361"}],"wp:attachment":[{"href":"https:\/\/alexandralechner.de\/blog\/wp-json\/wp\/v2\/media?parent=1344"}],"wp:term":[{"taxonomy":"category","embeddable":true,"href":"https:\/\/alexandralechner.de\/blog\/wp-json\/wp\/v2\/categories?post=1344"},{"taxonomy":"post_tag","embeddable":true,"href":"https:\/\/alexandralechner.de\/blog\/wp-json\/wp\/v2\/tags?post=1344"}],"curies":[{"name":"wp","href":"https:\/\/api.w.org\/{rel}","templated":true}]}}